{"id":11338,"date":"2024-11-10T13:41:00","date_gmt":"2024-11-10T12:41:00","guid":{"rendered":"https:\/\/service-ile-maurice.com\/2024\/11\/pelerinage-du-pere-laval-a-lile-maurice-un-evenement-spirituel-unique\/"},"modified":"2024-11-10T13:42:41","modified_gmt":"2024-11-10T12:42:41","slug":"la-peregrinacion-del-padre-laval-a-mauricio-un-acontecimiento-espiritual-unico","status":"publish","type":"post","link":"https:\/\/service-ile-maurice.com\/es\/2024\/11\/pelerinage-du-pere-laval-a-lile-maurice-un-evenement-spirituel-unique\/","title":{"rendered":"La peregrinaci\u00f3n del Padre Laval a Mauricio: un acontecimiento espiritual \u00fanico"},"content":{"rendered":"<p>EL <strong>Peregrinaci\u00f3n del Padre Laval<\/strong> es uno de los eventos religiosos m\u00e1s significativos de la<strong>MAURICIO<\/strong>. Atrayendo a miles de fieles cada a\u00f1o, conmemora la vida y obra de <strong>Jacques-D\u00e9sir\u00e9 Laval<\/strong>, A <strong>sacerdote franc\u00e9s<\/strong> convertirse <strong>misionero<\/strong> en esta isla paradis\u00edaca. Esta gu\u00eda presenta los detalles de esta peregrinaci\u00f3n, sus especificidades as\u00ed como los diferentes lugares asociados a este prestigioso evento.<\/p>\n<h2>\u00bfQui\u00e9n fue Jacques-D\u00e9sir\u00e9 Laval?<\/h2>\n<p><strong>Jacques-D\u00e9sir\u00e9 Laval<\/strong> naci\u00f3 en <strong>Normand\u00eda<\/strong> 18 de septiembre de 1803. Antes de unirse al sacerdocio, sirvi\u00f3 primero como <strong>doctor<\/strong>. Su vocaci\u00f3n religiosa finalmente lo llev\u00f3 a convertirse en <strong>sacerdote<\/strong>. Su compromiso con las poblaciones locales y su devoci\u00f3n por los esclavos liberados tuvieron un profundo impacto en su carrera.<\/p>\n<p>En 1841, <strong>Jacques-D\u00e9sir\u00e9 Laval<\/strong> Fue enviado en una misi\u00f3n a la<strong>MAURICIO<\/strong>. Este peque\u00f1o trozo de tierra en el coraz\u00f3n del Oc\u00e9ano \u00cdndico se convertir\u00eda en su principal zona de acci\u00f3n. Reconocida por su dinamismo y su fe inquebrantable, la comunidad mauriciana pronto le otorgar\u00e1 el t\u00edtulo de \u201c <strong>Bendecido<\/strong> &quot;. De hecho, el <strong>Padre Laval<\/strong> dedic\u00f3 toda su vida a ayudar a los m\u00e1s desfavorecidos, cuidando a los enfermos con una pasi\u00f3n que recordaba a su primera profesi\u00f3n.<\/p>\n<h2>La peregrinaci\u00f3n del Padre Laval: historia y progreso<\/h2>\n<p>Cada a\u00f1o, el 9 de septiembre se da inicio a las festividades en memoria de la <strong>Padre Laval<\/strong>. Esta fecha no fue elegida por casualidad: corresponde al aniversario de la muerte de este <strong>misionero<\/strong> amado, que ocurri\u00f3 en 1864. Los fieles acudieron entonces de todas partes<strong>MAURICIO<\/strong>, y adem\u00e1s, rendir homenaje al \u201cPadre de los mauricianos\u201d.<\/p>\n<h3>Preparativos y ambiente<\/h3>\n<p>La preparaci\u00f3n para la peregrinaci\u00f3n comienza varias semanas antes de la fecha fat\u00eddica. Las parroquias locales organizan oraciones colectivas y misas especiales. El entusiasmo es palpable; Las casas est\u00e1n decoradas y las calles est\u00e1n adornadas con pancartas de colores brillantes. El clima de convivencia est\u00e1 acompa\u00f1ado de una comuni\u00f3n espiritual que toca profundamente a todos los que participan.<\/p>\n<p>Durante estos d\u00edas sagrados, muchas personas ayunan o realizan diversas formas de sacrificios personales como signo de devoci\u00f3n. Algunos tambi\u00e9n preparan ofrendas que colocar\u00e1n ante la estatua del <strong>Padre Laval<\/strong>, como flores, velas o incluso objetos votivos.<\/p>\n<h2>Lo m\u00e1s destacado de la peregrinaci\u00f3n<\/h2>\n<p>La culminaci\u00f3n de la peregrinaci\u00f3n tiene lugar en el santuario de la <strong>Padre Laval<\/strong>, ubicado en <strong>Santa Cruz<\/strong>, cerca de la capital Port-Louis. Aqu\u00ed es donde se encuentran las reliquias de la <strong>misionero<\/strong>, atrayendo a una multitud heterog\u00e9nea y fervorosa durante todo el d\u00eda. A continuaci\u00f3n los aspectos m\u00e1s destacados de este evento:<\/p>\n<ul>\n<li><strong>Misa solemne<\/strong>&nbsp;:Ella inaugura oficialmente las celebraciones. Generalmente presidida por el obispo, esta misa atrae a una multitud de fieles que acuden a orar juntos y pedir la intercesi\u00f3n del Se\u00f1or. <strong>Padre Laval<\/strong>.<\/li>\n<li><strong>Procesi\u00f3n<\/strong>&nbsp;:Una larga procesi\u00f3n parte desde diferentes parroquias para confluir en el santuario. Cada grupo lleva con orgullo su estandarte y canta himnos en honor a la &quot; <strong>Bendecido<\/strong> &quot;Es un espect\u00e1culo conmovedor.<\/li>\n<li><strong>Vigilancia nocturna<\/strong>&nbsp;:Muchos creyentes pasan la noche velando y orando alrededor de la tumba del <strong>Padre Laval<\/strong>. Estos momentos de meditaci\u00f3n a menudo se intercalan con cantos y lecturas b\u00edblicas, creando una atm\u00f3sfera \u00fanica de fervor religioso.<\/li>\n<\/ul>\n<h2>Lugares de peregrinaci\u00f3n imprescindibles<\/h2>\n<p>El&#039;<strong>MAURICIO<\/strong> Est\u00e1 lleno de sitios asociados con la vida y obra de la <strong>Padre Laval<\/strong>. A los fieles les encanta reunirse en estos lugares imbuidos de espiritualidad e historia, cada uno contando una faceta diferente del viaje excepcional de este <strong>sacerdote<\/strong>. A continuaci\u00f3n se muestran algunos de los principales lugares relacionados con la peregrinaci\u00f3n:<\/p>\n<h3>Santuario del Padre Laval en Sainte-Croix<\/h3>\n<p>El coraz\u00f3n palpitante de la peregrinaci\u00f3n, el santuario de <strong>Santa Cruz<\/strong> Es un lugar de visita obligada. Conocida por su grandiosidad y belleza, tambi\u00e9n alberga una cripta donde descansa el cuerpo del <strong>misionero<\/strong>. El fervor alcanza su m\u00e1ximo apogeo d\u00eda y noche, transformando este sitio en un remanso de paz y meditaci\u00f3n.<\/p>\n<h3>Iglesia de San Francisco Javier<\/h3>\n<p>Ubicada en el distrito de Pamplemousses, esta iglesia fue uno de los primeros edificios religiosos donde <strong>Jacques-D\u00e9sir\u00e9 Laval<\/strong> oficia. A los peregrinos les gusta detenerse all\u00ed para rezar y contemplar las vidrieras que ilustran escenas de la vida de la <strong>sacerdote<\/strong>.<\/p>\n<h3>Lugar de nacimiento de Jacques-D\u00e9sir\u00e9 Laval en Normand\u00eda<\/h3>\n<p>Para una perspectiva hist\u00f3rica m\u00e1s amplia, algunos devotos viajan a Croth, Francia, para visitar el lugar de nacimiento del <strong>misionero<\/strong>. Este desv\u00edo nos permite comprender mejor sus or\u00edgenes y apreciar el contexto en el que se sit\u00faa este <strong>ap\u00f3stol<\/strong> tiempos modernos.<\/p>\n<h2>Consejos pr\u00e1cticos para los peregrinos<\/h2>\n<p>Asistir a la peregrinaci\u00f3n de <strong>Padre Laval<\/strong> Requiere una preparaci\u00f3n m\u00ednima. Para disfrutar plenamente de esta enriquecedora experiencia, aqu\u00ed te dejamos algunos consejos \u00fatiles:<\/p>\n<ul>\n<li><strong>Use ropa c\u00f3moda<\/strong>&nbsp;:Las largas caminatas y muchas horas de pie requieren ropa adecuada y calzado c\u00f3modo.<\/li>\n<li><strong>Traer agua y bocadillos<\/strong>&nbsp;:Las colas pueden ser interminables. Traer algo de comer y beber har\u00e1 tu espera m\u00e1s placentera.<\/li>\n<li><strong>Respetar el esp\u00edritu de la peregrinaci\u00f3n<\/strong>&nbsp;Aunque amistoso, este evento sigue siendo ante todo un encuentro espiritual. Sea respetuoso con los dem\u00e1s participantes y los lugares visitados.<\/li>\n<li><strong>Planifique su transporte<\/strong>&nbsp;:La red de carreteras puede estar congestionada durante estos d\u00edas. Utilice el transporte p\u00fablico u organice viajes compartidos para facilitar su viaje.<\/li>\n<li><strong>Diversifica tus visitas<\/strong>&nbsp;:No limit\u00e9is vuestra peregrinaci\u00f3n al santuario de <strong>Santa Cruz<\/strong>. Explora los diversos sitios mencionados para enriquecer tu visita con los m\u00faltiples aspectos de la vida en el <strong>Padre Laval<\/strong>.<\/li>\n<\/ul>\n<h2>Un evento cultural y religioso<\/h2>\n<p>M\u00e1s all\u00e1 de sus dimensiones puramente religiosas, la peregrinaci\u00f3n de <strong>Padre Laval<\/strong> Tambi\u00e9n constituye un importante acontecimiento cultural para la<strong>MAURICIO<\/strong>. Re\u00fane a personas de todos los or\u00edgenes y religiones, resaltando la diversidad y riqueza cultural de esta peque\u00f1a naci\u00f3n insular.<\/p>\n<p>Los m\u00fasicos locales a menudo aprovechan la oportunidad para animar las calles y ofrecer actuaciones inspiradas en la vida de la <strong>misionero<\/strong>. Los artistas exponen sus obras y venden recuerdos dedicados a la <strong>Padre Laval<\/strong>, a\u00f1adiendo un toque art\u00edstico y comercial a toda la fiesta.<\/p>\n<p>Adem\u00e1s, las calles alrededor del santuario se transforman en un vasto y colorido mercado donde se pueden encontrar tanto artesan\u00edas como especialidades culinarias locales. Los visitantes disfrutan paseando entre estos puestos, descubriendo tesoros inesperados mientras interact\u00faan con los c\u00e1lidos y acogedores lugare\u00f1os.<\/p>\n<h2>La modernidad al servicio de la tradici\u00f3n<\/h2>\n<p>A pesar de sus antiguas ra\u00edces, la peregrinaci\u00f3n de la <strong>Padre Laval<\/strong> sabe adaptarse a la modernidad. Actualmente, los organizadores est\u00e1n utilizando las redes sociales y herramientas digitales para promocionar el evento e informar a los participantes. Las aplicaciones m\u00f3viles incluso permiten seguir en directo ciertas ceremonias y procesiones, ofreciendo una nueva perspectiva a quienes no pueden asistir en persona.<\/p>\n<p>Esta alianza entre tradici\u00f3n y tecnolog\u00eda muestra hasta qu\u00e9 punto la peregrinaci\u00f3n de <strong>Padre Laval<\/strong> Mantiene su actualidad y sigue tocando profundamente los corazones de los mauricianos y de todos aquellos que se unen a ellos.<\/p>\n<p>En definitiva, la peregrinaci\u00f3n de la <strong>Padre Laval<\/strong> Es mucho m\u00e1s que un simple evento religioso. Es una manifestaci\u00f3n de fe, cultura y solidaridad humana que perdura desde hace decenios. Este homenaje anual a un <strong>misionero<\/strong> Incansable sigue inspirando y reuniendo a miles de personas, fortaleciendo los lazos espirituales y comunitarios en el<strong>MAURICIO<\/strong>.<\/p>","protected":false},"excerpt":{"rendered":"<p>Le p\u00e8lerinage du P\u00e8re Laval est l&rsquo;un des \u00e9v\u00e9nements religieux les plus marquants de l&rsquo;\u00eele Maurice. Attirant chaque ann\u00e9e des milliers de fid\u00e8les, il comm\u00e9more la vie et l&rsquo;\u0153uvre de Jacques-D\u00e9sir\u00e9 Laval, un pr\u00eatre fran\u00e7ais devenu missionnaire sur cette \u00eele paradisiaque. Ce guide vous pr\u00e9sente les d\u00e9tails de ce p\u00e8lerinage, ses sp\u00e9cificit\u00e9s ainsi que les [&hellip;]<\/p>\n","protected":false},"author":1,"featured_media":0,"comment_status":"open","ping_status":"closed","sticky":false,"template":"","format":"standard","meta":{"_et_pb_use_builder":"","_et_pb_old_content":"","_et_gb_content_width":"","footnotes":""},"categories":[38],"tags":[],"class_list":["post-11338","post","type-post","status-publish","format-standard","hentry","category-evenement-ile-maurice"],"_links":{"self":[{"href":"https:\/\/service-ile-maurice.com\/es\/wp-json\/wp\/v2\/posts\/11338","targetHints":{"allow":["GET"]}}],"collection":[{"href":"https:\/\/service-ile-maurice.com\/es\/wp-json\/wp\/v2\/posts"}],"about":[{"href":"https:\/\/service-ile-maurice.com\/es\/wp-json\/wp\/v2\/types\/post"}],"author":[{"embeddable":true,"href":"https:\/\/service-ile-maurice.com\/es\/wp-json\/wp\/v2\/users\/1"}],"replies":[{"embeddable":true,"href":"https:\/\/service-ile-maurice.com\/es\/wp-json\/wp\/v2\/comments?post=11338"}],"version-history":[{"count":0,"href":"https:\/\/service-ile-maurice.com\/es\/wp-json\/wp\/v2\/posts\/11338\/revisions"}],"wp:attachment":[{"href":"https:\/\/service-ile-maurice.com\/es\/wp-json\/wp\/v2\/media?parent=11338"}],"wp:term":[{"taxonomy":"category","embeddable":true,"href":"https:\/\/service-ile-maurice.com\/es\/wp-json\/wp\/v2\/categories?post=11338"},{"taxonomy":"post_tag","embeddable":true,"href":"https:\/\/service-ile-maurice.com\/es\/wp-json\/wp\/v2\/tags?post=11338"}],"curies":[{"name":"gracias","href":"https:\/\/api.w.org\/{rel}","templated":true}]}}